[{"@context":"https:\/\/schema.org\/","@type":"Article","@id":"https:\/\/www.fipobex.cz\/mr-mercedes-aneb-oblibeny-plechovy-kamarad\/#Article","mainEntityOfPage":"https:\/\/www.fipobex.cz\/mr-mercedes-aneb-oblibeny-plechovy-kamarad\/","headline":"Mr. Mercedes aneb obl\u00edben\u00fd plechov\u00fd kamar\u00e1d","name":"Mr. Mercedes aneb obl\u00edben\u00fd plechov\u00fd kamar\u00e1d","description":"Automobilov\u00e1 zna\u010dka Mercedes-Benz t\u011b\u0161\u00edc\u00ed se neust\u00e1le vzr\u016fstaj\u00edc\u00ed popularit\u011b a zejm\u00e9na odbytu. Dokonce se zna\u010dka m\u016f\u017ee hrd\u011b pochlubit n\u00e1r\u016fstem o v\u00edce jak jeden\u00e1ct procent oproti lo\u0148sk\u00e9mu roku. Tr\u017eby nad\u00e1le automobilce rostou. Jen za uplynul\u00fd m\u011bs\u00edc byl n\u00e1r\u016fst vy\u0161\u0161\u00ed jak o deset procent v\u00a0\u010c\u00edn\u011b. V\u00a0Evrop\u011b to bylo o v\u00edce jak dv\u011b procenta. \u00a0 Jak to v\u0161e za\u010dalo...","datePublished":"2017-08-14","dateModified":"2023-05-03","author":{"@type":"Person","@id":"https:\/\/www.fipobex.cz\/author\/#Person","name":"","url":"https:\/\/www.fipobex.cz\/author\/","identifier":1,"image":{"@type":"ImageObject","@id":"https:\/\/secure.gravatar.com\/avatar\/505fff4dce96a6fd9b2c3bab9d6ad2c90e3ce4a797f024fc5ad345c11f66ba90?s=96&d=mm&r=g","url":"https:\/\/secure.gravatar.com\/avatar\/505fff4dce96a6fd9b2c3bab9d6ad2c90e3ce4a797f024fc5ad345c11f66ba90?s=96&d=mm&r=g","height":96,"width":96}},"publisher":{"@type":"Organization","name":"fipobex.cz","logo":{"@type":"ImageObject","@id":"\/logo.png","url":"\/logo.png","width":600,"height":60}},"image":{"@type":"ImageObject","@id":"https:\/\/www.fipobex.cz\/wp-content\/uploads\/img_a297570_w2380_t1508004418.jpg","url":"https:\/\/www.fipobex.cz\/wp-content\/uploads\/img_a297570_w2380_t1508004418.jpg","height":0,"width":0},"url":"https:\/\/www.fipobex.cz\/mr-mercedes-aneb-oblibeny-plechovy-kamarad\/","about":["V\u00fdrobky"],"wordCount":397,"articleBody":"Automobilov\u00e1 zna\u010dka Mercedes-Benz t\u011b\u0161\u00edc\u00ed se neust\u00e1le vzr\u016fstaj\u00edc\u00ed popularit\u011b a zejm\u00e9na odbytu. Dokonce se zna\u010dka m\u016f\u017ee hrd\u011b pochlubit n\u00e1r\u016fstem o v\u00edce jak jeden\u00e1ct procent oproti lo\u0148sk\u00e9mu roku. Tr\u017eby nad\u00e1le automobilce rostou. Jen za uplynul\u00fd m\u011bs\u00edc byl n\u00e1r\u016fst vy\u0161\u0161\u00ed jak o deset procent v\u00a0\u010c\u00edn\u011b. V\u00a0Evrop\u011b to bylo o v\u00edce jak dv\u011b procenta.\u00a0Jak to v\u0161e za\u010dalo aneb pohled do historie\u00a0Historie nem\u011bck\u00e9 automobilov\u00e9 spole\u010dnosti Mercedes-Benz zapo\u010dala ji\u017e roku 1886 a to prost\u0159ednictv\u00edm patentu na prvn\u00ed automobil pod n\u00e1zvem Benz Velo, kter\u00fd byl poh\u00e1n\u011bn spalovac\u00edm motorem. Stalo se tak d\u00edky Karlu Friedrichovi. V\u00a0nab\u00eddce spole\u010dnosti jsou vozy r\u016fzn\u00fdch t\u0159\u00edd a model\u016f, jako nap\u0159\u00edklad rodinn\u00e9 vozy, sportovn\u00ed SUV a\u017e po u\u017eitkov\u00e9 a n\u00e1kladn\u00ed automobily.\u00a0Co ce t\u00fd\u010de \u010cesk\u00e9 republiky, tak automobilov\u00e1 spole\u010dnost Mercedes-Benz n\u00e1le\u017e\u00ed do skupiny koncernu Daimler AG, jen\u017e je nejv\u011bt\u0161\u00edm sv\u011btov\u00fdm v\u00fdrobcem automobil\u016f.\u00a0\u00a0Mercedes-Benz t\u0159\u00eddy E aneb klenot automobilov\u00e9 spole\u010dnosti\u00a0V\u00a0\u010dem tkv\u00ed dokonalost voz\u016f nov\u00e9 generace v\u00a0r\u00e1mci t\u0159\u00eddy Mercedes-Benz E? Jedn\u00e1 se o automobil pat\u0159\u00edc\u00ed mezi vy\u0161\u0161\u00ed st\u0159edn\u00ed t\u0159\u00eddu. Prvn\u00ed generace byla vyr\u00e1b\u011bna ji\u017e v\u00a0roce 1993.D\u016fraz je u t\u00e9to t\u0159\u00eddy kladen p\u0159edev\u0161\u00edm na autopilota, stejn\u011b tak je p\u0159ednost\u00ed a velmi poutav\u00fdm l\u00e1kadlem mo\u017enost d\u00e1lkov\u011b ovl\u00e1dan\u00e9ho parkov\u00e1n\u00ed. Ovlada\u010dem v\u00a0tomto p\u0159\u00edpad\u011b je kl\u00ed\u010d od vozidla.\u00a0V\u00a0r\u00e1mci standardu E t\u0159\u00eddy jsou sedmn\u00e1ctipalcov\u00e1 lit\u00e1 kola, dvouz\u00f3nov\u00e1 automatick\u00e1 klimatizace a rovn\u011b\u017e LED sv\u011btlomety. Sou\u010d\u00e1st\u00ed je zdarma sada s\u00a0ozna\u010den\u00edm \u201eBusiness\u201c, kdy jsou dostupn\u00e9 parkovac\u00ed senzory se zp\u011btnou kamerou, vyh\u0159\u00edvan\u00e1 p\u0159edn\u00ed sedadla a navigace.V\u00a0r\u00e1mci nab\u00eddky motor\u016f se jedn\u00e1 o v\u00fdkon 135 kW v\u00a0r\u00e1mci dvoulitrov\u00e9ho benzinu, v\u00a0p\u0159\u00edpad\u011b dvoulitrov\u00e9 nafty se jedn\u00e1 o 143 kW. Stejn\u011b tak je po\u010d\u00edt\u00e1no i s\u00a0t\u0159\u00edlitrov\u00fdm benzinem a \u0161estiv\u00e1lcem. \u00c9\u010dko t\u0159\u00edda se m\u016f\u017ee pochlubit dev\u00edtistup\u0148ov\u00fdm automatem. Takt\u00e9\u017e pohonem v\u0161ech \u010dty\u0159 kol \u010di vzduchov\u00fdm odpru\u017een\u00edm.\u00a0Automobily zna\u010dky Mercedes-Benz t\u0159\u00eddy E jsou znakem komfortu, elegance a luxusu.                                                                                                                                                                                                                                                                                                                                                                                        4.6\/5 - (8 votes)        "},{"@context":"https:\/\/schema.org\/","@type":"BreadcrumbList","itemListElement":[{"@type":"ListItem","position":1,"name":"Mr. Mercedes aneb obl\u00edben\u00fd plechov\u00fd kamar\u00e1d","item":"https:\/\/www.fipobex.cz\/mr-mercedes-aneb-oblibeny-plechovy-kamarad\/#breadcrumbitem"}]}]