[{"@context":"https:\/\/schema.org\/","@type":"Article","@id":"https:\/\/www.fipobex.cz\/politika-me-nebere\/#Article","mainEntityOfPage":"https:\/\/www.fipobex.cz\/politika-me-nebere\/","headline":"Politika m\u011b nebere","name":"Politika m\u011b nebere","description":"Politika a politick\u00e9 n\u00e1zory v\u017edycky byly pro m\u011b docela takov\u00e9 zaj\u00edmav\u00e9. Nev\u011bd\u011bla jsem, co v\u0161ichni ti lid\u00e9 maj\u00ed na politice. A pak jsem si \u0159ekla, \u017ee si pust\u00edm t\u0159eba n\u011bjak\u00e9\u00a0podcasty, kter\u00e9 se v\u011bnuj\u00ed politice. A byla jsem docela na\u0161tvan\u00e1. Proto\u017ee kdykoliv jsem si pustila n\u011bjak\u00fd politick\u00fd\u00a0podcast, tak se tam v\u017edycky jenom v\u0161ichni h\u00e1dali anebo se...","datePublished":"2022-08-23","dateModified":"2023-05-03","author":{"@type":"Person","@id":"https:\/\/www.fipobex.cz\/author\/#Person","name":"","url":"https:\/\/www.fipobex.cz\/author\/","identifier":1,"image":{"@type":"ImageObject","@id":"https:\/\/secure.gravatar.com\/avatar\/505fff4dce96a6fd9b2c3bab9d6ad2c90e3ce4a797f024fc5ad345c11f66ba90?s=96&d=mm&r=g","url":"https:\/\/secure.gravatar.com\/avatar\/505fff4dce96a6fd9b2c3bab9d6ad2c90e3ce4a797f024fc5ad345c11f66ba90?s=96&d=mm&r=g","height":96,"width":96}},"publisher":{"@type":"Organization","name":"fipobex.cz","logo":{"@type":"ImageObject","@id":"\/logo.png","url":"\/logo.png","width":600,"height":60}},"image":{"@type":"ImageObject","@id":"https:\/\/www.fipobex.cz\/wp-content\/uploads\/world-2747353_960_720.png","url":"https:\/\/www.fipobex.cz\/wp-content\/uploads\/world-2747353_960_720.png","height":0,"width":0},"url":"https:\/\/www.fipobex.cz\/politika-me-nebere\/","about":["Politika"],"wordCount":428,"articleBody":"Politika a politick\u00e9 n\u00e1zory v\u017edycky byly pro m\u011b docela takov\u00e9 zaj\u00edmav\u00e9. Nev\u011bd\u011bla jsem, co v\u0161ichni ti lid\u00e9 maj\u00ed na politice. A pak jsem si \u0159ekla, \u017ee si pust\u00edm t\u0159eba n\u011bjak\u00e9\u00a0podcasty, kter\u00e9 se v\u011bnuj\u00ed politice. A byla jsem docela na\u0161tvan\u00e1. Proto\u017ee kdykoliv jsem si pustila n\u011bjak\u00fd politick\u00fd\u00a0podcast, tak se tam v\u017edycky jenom v\u0161ichni h\u00e1dali anebo se oso\u010dovali a svalovali vinu jeden na druh\u00e9ho. Co tohle v\u016fbec m\u011blo znamenat? To n\u011bkoho bav\u00ed se d\u00edvat na lidi, jak se ti dva h\u00e1daj\u00ed mezi sebou? Anebo jak jsou r\u016fzn\u00e9 politick\u00e9 spolky a politick\u00e9 strany? J\u00e1 nev\u00edm jak vy, ale m\u011b politika n\u011bjak nebrala. Vadilo m\u011b, \u017ee se tam v\u0161ichni chovaj\u00ed n\u011bjak neurvale a \u017ee nikdo tam nen\u00ed slu\u0161n\u00fd.\u00a0A j\u00e1 jsem si \u0159ekla, \u017ee kdybych byla v politice j\u00e1, tak bych asi rychle utekla. Proto\u017ee j\u00e1 jsem velk\u00fd cholerik, tak\u017ee j\u00e1 bych osobn\u011b to tam v\u016fbec nevydr\u017eela. A musela bych se tam asi st\u00e1le s nik\u00fdm h\u00e1dat a b\u00e1la bych se, \u017ee vzteky t\u0159eba n\u011bkoho napadnu. A to jist\u011b v\u00edm, \u017ee v politick\u00e9 bran\u017ei by to bylo opravdu nehor\u00e1zn\u00e9. To by m\u011b potom tahali v\u0161ude po soudech. Nicm\u00e9n\u011b jsem si \u0159ekla, \u017ee politika taky asi um\u00ed vys\u00e1vat v\u0161echnu energii a radost. Proto\u017ee m\u016fj otec se o politiku velmi zaj\u00edm\u00e1. A taky v\u017edycky kdy\u017e je n\u011bjak\u00fd velk\u00fd politick\u00fd probl\u00e9m jeho obl\u00edben\u00e9 strany, tak m\u016fj otec je takov\u00fd nevrl\u00fd a smutn\u00fd. Tak\u017ee si mysl\u00edm, \u017ee pokud chcete m\u00edt v \u017eivot\u011b a v du\u0161i klid, v\u016fbec nesledujte, neposlouchejte nic politick\u00e9ho. Politick\u00e9 sc\u00e9ny v\u00e1s akor\u00e1t vys\u00e1vaj\u00ed. Nebo v\u00e1s t\u0159eba naopak\u00a0uklid\u0148uj\u00ed? Jsou\u00a0toti\u017e taky lid\u00e9, kte\u0159\u00ed se politice\u00a0hodn\u011b\u00a0v\u011bnuj\u00ed nebo se v n\u00ed p\u0159\u00edmo\u00a0anga\u017euj\u00ed. To cht\u011bla v\u017edycky m\u016fj otec. M\u016fj otec v\u017edycky cht\u011bl b\u00fdt politik,\u00a0proto\u017ee\u00a0ho pr\u00fd politika p\u0159iv\u00e1d\u011bla do nov\u00e9ho a jin\u00e9ho sv\u011bta. Nev\u00edm pro\u010d, ale otec od n\u00e1s velmi brzy ode\u0161el. Na\u0161el si\u00a0jinou\u00a0rodinu\u00a0a n\u00e1s opustil. Tak\u017ee mo\u017en\u00e1 kdov\u00ed. T\u0159eba se v politice u\u017e n\u011bkde anga\u017euje, jen my doma o tom ani nev\u00edme. Mo\u017en\u00e1 to tak m\u00e1 b\u00fdt.                                                                                                                                                                                                                                                                                                                                                                                        4.9\/5 - (8 votes)        "},{"@context":"https:\/\/schema.org\/","@type":"BreadcrumbList","itemListElement":[{"@type":"ListItem","position":1,"name":"Politika m\u011b nebere","item":"https:\/\/www.fipobex.cz\/politika-me-nebere\/#breadcrumbitem"}]}]